[{"@context":"https:\/\/schema.org\/","@type":"Article","@id":"https:\/\/www.sizo.cz\/ozivite-s-nimi-vase-byty-i-domy\/#Article","mainEntityOfPage":"https:\/\/www.sizo.cz\/ozivite-s-nimi-vase-byty-i-domy\/","headline":"O\u017eiv\u00edte s nimi va\u0161e byty i domy","name":"O\u017eiv\u00edte s nimi va\u0161e byty i domy","description":"Tou\u017e\u00edte z\u00edskat kvalitn\u00ed modern\u00ed obrazy? U n\u00e1s budete na spr\u00e1vn\u00e9m m\u00edst\u011b. P\u0159ije\u010fte k n\u00e1m a prohl\u00e9dn\u011bte si je. Pokud si vyberete ten, kter\u00fd v\u00e1s zaujme, m\u016f\u017eeme sl\u00edbit, \u017ee v\u00e1m ho vyrob\u00edme a pot\u00e9 i doru\u010d\u00edme. Sami potom pozn\u00e1te, jak v\u00e1m o\u017eivily v\u00e1\u0161 byt nebo d\u016fm. Pochv\u00e1l\u00ed v\u00e1s i ostatn\u00ed \u010dlenov\u00e9 va\u0161\u00ed rodiny a va\u0161i p\u0159\u00e1tel\u00e9. &hellip; <a href=\"https:\/\/www.sizo.cz\/ozivite-s-nimi-vase-byty-i-domy\/\" class=\"more-link\">Continue reading <span class=\"screen-reader-text\">O\u017eiv\u00edte s nimi va\u0161e byty i domy<\/span><\/a>","datePublished":"2024-12-24","dateModified":"2024-12-24","author":{"@type":"Person","@id":"https:\/\/www.sizo.cz\/author\/#Person","name":"","url":"https:\/\/www.sizo.cz\/author\/","identifier":1,"image":{"@type":"ImageObject","@id":"https:\/\/secure.gravatar.com\/avatar\/1bbb35219ad819cefa53fdc5515b24173b84f885da520bcb5e2dcb96444d797b?s=96&d=mm&r=g","url":"https:\/\/secure.gravatar.com\/avatar\/1bbb35219ad819cefa53fdc5515b24173b84f885da520bcb5e2dcb96444d797b?s=96&d=mm&r=g","height":96,"width":96}},"publisher":{"@type":"Organization","name":"sizo.cz","logo":{"@type":"ImageObject","@id":"\/logo.png","url":"\/logo.png","width":600,"height":60}},"url":"https:\/\/www.sizo.cz\/ozivite-s-nimi-vase-byty-i-domy\/","wordCount":185,"articleBody":"Tou\u017e\u00edte z\u00edskat kvalitn\u00ed modern\u00ed obrazy? U n\u00e1s budete na spr\u00e1vn\u00e9m m\u00edst\u011b. P\u0159ije\u010fte k n\u00e1m a prohl\u00e9dn\u011bte si je. Pokud si vyberete ten, kter\u00fd v\u00e1s zaujme, m\u016f\u017eeme sl\u00edbit, \u017ee v\u00e1m ho vyrob\u00edme a pot\u00e9 i doru\u010d\u00edme. Sami potom pozn\u00e1te, jak v\u00e1m o\u017eivily v\u00e1\u0161 byt nebo d\u016fm. Pochv\u00e1l\u00ed v\u00e1s i ostatn\u00ed \u010dlenov\u00e9 va\u0161\u00ed rodiny a va\u0161i p\u0159\u00e1tel\u00e9. T\u011b\u0161\u00edme se na shled\u00e1n\u00ed s v\u00e1mi. Doru\u010dujeme je \u010ceskou po\u0161tou nebo kur\u00fdrem Objednali jste si n\u011bkter\u00fd z na\u0161ich modern\u00edch obraz\u016f? To je dob\u0159e. Doru\u010den v\u00e1m bude prost\u0159ednictv\u00edm \u010cesk\u00e9 po\u0161ty nebo pokud si p\u0159ejete, i kur\u00fdrem. Dod\u00e1me je ve lh\u016ft\u011b od 5 do 10ti dn\u016f. Z\u00e1vis\u00ed to na po\u010dtu objedn\u00e1vek. Uvid\u00edte, \u017ee v\u00e1m ud\u011blaj\u00ed radost a vylep\u0161\u00ed va\u0161e bydlen\u00ed. Jsme tady pro v\u0161echny na\u0161e z\u00e1kazn\u00edky. Va\u0161im pokoj\u016fm u\u017e potom nic chyb\u011bt nebude.                                                                                                                                                                                                                                                                                                                                                                                        5\/5 - (2 votes)        "},{"@context":"https:\/\/schema.org\/","@type":"BreadcrumbList","itemListElement":[{"@type":"ListItem","position":1,"name":"O\u017eiv\u00edte s nimi va\u0161e byty i domy","item":"https:\/\/www.sizo.cz\/ozivite-s-nimi-vase-byty-i-domy\/#breadcrumbitem"}]}]